{"id":2428,"date":"2022-12-21T16:15:55","date_gmt":"2022-12-21T15:15:55","guid":{"rendered":"https:\/\/cdvrallyes.fr\/?p=2428"},"modified":"2023-01-12T15:52:55","modified_gmt":"2023-01-12T14:52:55","slug":"rallye-2cv","status":"publish","type":"post","link":"https:\/\/cdvrallyes.fr\/index.php\/2022\/12\/21\/rallye-2cv\/","title":{"rendered":"Rallye 2cv"},"content":{"rendered":"<p><div class=\"fusion-fullwidth fullwidth-box fusion-builder-row-1 fusion-flex-container nonhundred-percent-fullwidth non-hundred-percent-height-scrolling\" style=\"background-color: #ffffff;background-position: center center;background-repeat: no-repeat;border-width: 0px 0px 0px 0px;border-color:#eae9e9;border-style:solid;\" ><div class=\"fusion-builder-row fusion-row fusion-flex-align-items-flex-start\" style=\"max-width:1216.8px;margin-left: calc(-4% \/ 2 );margin-right: calc(-4% \/ 2 );\"><div class=\"fusion-layout-column fusion_builder_column fusion-builder-column-0 fusion_builder_column_1_1 1_1 fusion-flex-column\"><div class=\"fusion-column-wrapper fusion-flex-justify-content-flex-start fusion-content-layout-column\" style=\"background-position:left top;background-repeat:no-repeat;-webkit-background-size:cover;-moz-background-size:cover;-o-background-size:cover;background-size:cover;padding: 0px 0px 0px 0px;\"><style type=\"text\/css\">@media only screen and (max-width:1024px) {.fusion-title.fusion-title-1{margin-top:0px!important; margin-right:0px!important;margin-bottom:31px!important;margin-left:0px!important;}}@media only screen and (max-width:640px) {.fusion-title.fusion-title-1{margin-top:0px!important; margin-right:0px!important;margin-bottom:20px!important; margin-left:0px!important;}}<\/style><div class=\"fusion-title title fusion-title-1 fusion-title-text fusion-title-size-three\" style=\"margin-top:0px;margin-right:0px;margin-bottom:31px;margin-left:0px;\"><div class=\"title-sep-container title-sep-container-left fusion-no-large-visibility fusion-no-medium-visibility fusion-no-small-visibility\"><div class=\"title-sep sep-\" style=\"border-color:#e0dede;\"><\/div><\/div><span class=\"awb-title-spacer fusion-no-large-visibility fusion-no-medium-visibility fusion-no-small-visibility\"><\/span><h3 class=\"title-heading-left fusion-responsive-typography-calculated\" style=\"margin:0;--fontSize:42;line-height:1.3;\">Murder Rallye<span style=\"color: #74c5da;\">.<\/span><\/h3><span class=\"awb-title-spacer\"><\/span><div class=\"title-sep-container title-sep-container-right\"><div class=\"title-sep sep-\" style=\"border-color:#e0dede;\"><\/div><\/div><\/div><div class=\"fusion-separator\" style=\"align-self: flex-start;margin-right:auto;margin-top:0px;margin-bottom:30px;width:100%;max-width:150px;\"><div class=\"fusion-separator-border sep-single sep-solid\" style=\"border-color:#74c5da;border-top-width:4px;\"><\/div><\/div><div class=\"fusion-text fusion-text-1\"><p>Laissez-vous embarquer dans une enqu\u00eate autant innovante qu&rsquo;inattendue :  une nouvelle g\u00e9n\u00e9ration de Murder Party alliant r\u00e9flexion, technologie et travail d\u2019\u00e9quipe, le tout dans une ambiance d\u00e9jant\u00e9e !<\/p>\n<p>R\u00e9partis en \u00e9quipes, les participants se voient confier la mission de d\u00e9nouer une enqu\u00eate criminelle gr\u00e2ce \u00e0 des proc\u00e9d\u00e9s innovants. Les n\u00e9o-enqu\u00eateurs doivent ainsi r\u00e9soudre toutes sortes d&rsquo;\u00e9nigmes, relever des d\u00e9fis technologiques ou encore se mesurer sur des challenges ludiques et surprenants.<\/p>\n<p>Les \u00e9quipes s&rsquo;associent \u00e0 notre unit\u00e9 sp\u00e9ciale, sorte de police du futur, appel\u00e9e la section \u00ab\u00a0After Crime\u00a0\u00bb. Leur mission : trouver le meurtrier impliqu\u00e9 dans une enqu\u00eate jusqu\u2019\u00e0 pr\u00e9sent jamais r\u00e9solue.<\/p>\n<\/div><div class=\"fusion-image-carousel fusion-image-carousel-auto fusion-image-carousel-1 lightbox-enabled fusion-carousel-border\"><div class=\"fusion-carousel\" data-autoplay=\"no\" data-columns=\"5\" data-itemmargin=\"13\" data-itemwidth=\"180\" data-touchscroll=\"no\" data-imagesize=\"auto\"><div class=\"fusion-carousel-positioner\"><ul class=\"fusion-carousel-holder\"><li class=\"fusion-carousel-item\"><div class=\"fusion-carousel-item-wrapper\"><div class=\"fusion-image-wrapper hover-type-none\"><a data-rel=\"iLightbox[image_carousel_1]\" data-title=\"Rallye 2CV 2\" aria-label=\"Rallye 2CV 2\" href=\"https:\/\/cdvrallyes.fr\/wp-content\/uploads\/2023\/01\/Rallye-2CV-2-1200x651.jpg\" target=\"_self\"><img width=\"2560\" height=\"1389\" src=\"https:\/\/cdvrallyes.fr\/wp-content\/uploads\/2023\/01\/Rallye-2CV-2-scaled.jpg\" class=\"attachment-full size-full\" alt=\"\" decoding=\"async\" srcset=\"https:\/\/cdvrallyes.fr\/wp-content\/uploads\/2023\/01\/Rallye-2CV-2-200x109.jpg 200w, https:\/\/cdvrallyes.fr\/wp-content\/uploads\/2023\/01\/Rallye-2CV-2-400x217.jpg 400w, https:\/\/cdvrallyes.fr\/wp-content\/uploads\/2023\/01\/Rallye-2CV-2-600x326.jpg 600w, https:\/\/cdvrallyes.fr\/wp-content\/uploads\/2023\/01\/Rallye-2CV-2-800x434.jpg 800w, https:\/\/cdvrallyes.fr\/wp-content\/uploads\/2023\/01\/Rallye-2CV-2-1200x651.jpg 1200w, https:\/\/cdvrallyes.fr\/wp-content\/uploads\/2023\/01\/Rallye-2CV-2-scaled.jpg 2560w\" sizes=\"(min-width: 2200px) 100vw, (min-width: 794px) 381px, (min-width: 717px) 572px, (min-width: 640px) 717px, \" \/><\/a><\/div><\/div><\/li><li class=\"fusion-carousel-item\"><div class=\"fusion-carousel-item-wrapper\"><div class=\"fusion-image-wrapper hover-type-none\"><a data-rel=\"iLightbox[image_carousel_1]\" data-title=\"Rallye 2CV\" aria-label=\"Rallye 2CV\" href=\"https:\/\/cdvrallyes.fr\/wp-content\/uploads\/2023\/01\/Rallye-2CV-1200x1200.jpg\" target=\"_self\"><img width=\"2560\" height=\"2560\" src=\"https:\/\/cdvrallyes.fr\/wp-content\/uploads\/2023\/01\/Rallye-2CV-scaled.jpg\" class=\"attachment-full size-full\" alt=\"\" decoding=\"async\" srcset=\"https:\/\/cdvrallyes.fr\/wp-content\/uploads\/2023\/01\/Rallye-2CV-200x200.jpg 200w, https:\/\/cdvrallyes.fr\/wp-content\/uploads\/2023\/01\/Rallye-2CV-400x400.jpg 400w, https:\/\/cdvrallyes.fr\/wp-content\/uploads\/2023\/01\/Rallye-2CV-600x600.jpg 600w, https:\/\/cdvrallyes.fr\/wp-content\/uploads\/2023\/01\/Rallye-2CV-800x800.jpg 800w, https:\/\/cdvrallyes.fr\/wp-content\/uploads\/2023\/01\/Rallye-2CV-1200x1200.jpg 1200w, https:\/\/cdvrallyes.fr\/wp-content\/uploads\/2023\/01\/Rallye-2CV-scaled.jpg 2560w\" sizes=\"(min-width: 2200px) 100vw, (min-width: 794px) 381px, (min-width: 717px) 572px, (min-width: 640px) 717px, \" \/><\/a><\/div><\/div><\/li><li class=\"fusion-carousel-item\"><div class=\"fusion-carousel-item-wrapper\"><div class=\"fusion-image-wrapper hover-type-none\"><a data-rel=\"iLightbox[image_carousel_1]\" data-title=\"WhatsApp Image 2022-12-15 at 17.44.32 (1)\" aria-label=\"WhatsApp Image 2022-12-15 at 17.44.32 (1)\" href=\"https:\/\/cdvrallyes.fr\/wp-content\/uploads\/2023\/01\/WhatsApp-Image-2022-12-15-at-17.44.32-1.jpeg\" target=\"_self\"><img width=\"1024\" height=\"768\" src=\"https:\/\/cdvrallyes.fr\/wp-content\/uploads\/2023\/01\/WhatsApp-Image-2022-12-15-at-17.44.32-1.jpeg\" class=\"attachment-full size-full\" alt=\"\" decoding=\"async\" srcset=\"https:\/\/cdvrallyes.fr\/wp-content\/uploads\/2023\/01\/WhatsApp-Image-2022-12-15-at-17.44.32-1-200x150.jpeg 200w, https:\/\/cdvrallyes.fr\/wp-content\/uploads\/2023\/01\/WhatsApp-Image-2022-12-15-at-17.44.32-1-400x300.jpeg 400w, https:\/\/cdvrallyes.fr\/wp-content\/uploads\/2023\/01\/WhatsApp-Image-2022-12-15-at-17.44.32-1-600x450.jpeg 600w, https:\/\/cdvrallyes.fr\/wp-content\/uploads\/2023\/01\/WhatsApp-Image-2022-12-15-at-17.44.32-1-800x600.jpeg 800w, https:\/\/cdvrallyes.fr\/wp-content\/uploads\/2023\/01\/WhatsApp-Image-2022-12-15-at-17.44.32-1.jpeg 1024w\" sizes=\"(min-width: 2200px) 100vw, (min-width: 794px) 381px, (min-width: 717px) 572px, (min-width: 640px) 717px, \" \/><\/a><\/div><\/div><\/li><\/ul><div class=\"fusion-carousel-nav\"><button class=\"fusion-nav-prev awb-icon-left\" aria-label=\"Pr\u00e9c\u00e9dent\"><\/button><button class=\"fusion-nav-next awb-icon-right\" aria-label=\"Suivant\"><\/button><\/div><\/div><\/div><\/div><div style=\"text-align:center;\"><style>.fusion-body .fusion-button.button-1{border-radius:25px 25px 25px 25px;}<\/style><a class=\"fusion-button button-flat fusion-button-default-size button-default button-1 fusion-button-default-span fusion-button-default-type\" target=\"_self\" href=\"https:\/\/cdvrallyes.fr\/index.php\/contact\/\"><span class=\"fusion-button-text\">Demande de devis<\/span><\/a><\/div><\/div><style type=\"text\/css\">.fusion-body .fusion-builder-column-0{width:100% !important;margin-top : 0px;margin-bottom : 0px;}.fusion-builder-column-0 > .fusion-column-wrapper {padding-top : 0px !important;padding-right : 0px !important;margin-right : 1.92%;padding-bottom : 0px !important;padding-left : 0px !important;margin-left : 1.92%;}@media only screen and (max-width:1024px) {.fusion-body .fusion-builder-column-0{width:100% !important;}.fusion-builder-column-0 > .fusion-column-wrapper {margin-right : 1.92%;margin-left : 1.92%;}}@media only screen and (max-width:640px) {.fusion-body .fusion-builder-column-0{width:100% !important;}.fusion-builder-column-0 > .fusion-column-wrapper {margin-right : 1.92%;margin-left : 1.92%;}}<\/style><\/div><\/div><style type=\"text\/css\">.fusion-body .fusion-flex-container.fusion-builder-row-1{ padding-top : 0px;margin-top : 0px;padding-right : 0px;padding-bottom : 100px;margin-bottom : 0px;padding-left : 0px;}<\/style><\/div><div class=\"fusion-bg-parallax\" data-bg-align=\"center center\" data-direction=\"left\" data-mute=\"false\" data-opacity=\"100\" data-velocity=\"-0.3\" data-mobile-enabled=\"false\" data-break_parents=\"0\" data-bg-image=\"https:\/\/cdvrallyes.fr\/wp-content\/uploads\/2023\/01\/Rallye-2CV-6.jpeg\" data-bg-repeat=\"false\" data-bg-color=\"#ffffff\" ><\/div><div class=\"fusion-fullwidth fullwidth-box fusion-builder-row-2 fusion-flex-container fusion-parallax-left hundred-percent-fullwidth non-hundred-percent-height-scrolling\" style=\"background-color: #ffffff;background-image: url(&quot;https:\/\/cdvrallyes.fr\/wp-content\/uploads\/2023\/01\/Rallye-2CV-6.jpeg&quot;);background-position: center center;background-repeat: no-repeat;border-width: 0px 0px 0px 0px;border-color:#eae9e9;border-style:solid;-webkit-background-size:cover;-moz-background-size:cover;-o-background-size:cover;background-size:cover;\" ><div class=\"fusion-builder-row fusion-row fusion-flex-align-items-flex-start\" style=\"width:calc( 100% + 0px ) !important;max-width:calc( 100% + 0px ) !important;margin-left: calc(-0px \/ 2 );margin-right: calc(-0px \/ 2 );\"><\/div><style type=\"text\/css\">.fusion-body .fusion-flex-container.fusion-builder-row-2{ padding-top : 15%;margin-top : 0px;padding-right : 0px;padding-bottom : 21%;margin-bottom : 35px;padding-left : 0px;}<\/style><\/div><\/p>\n","protected":false},"excerpt":{"rendered":"","protected":false},"author":2,"featured_media":0,"comment_status":"closed","ping_status":"closed","sticky":false,"template":"","format":"standard","meta":[],"categories":[1],"tags":[],"yoast_head":"<!-- This site is optimized with the Yoast SEO plugin v21.8.1 - https:\/\/yoast.com\/wordpress\/plugins\/seo\/ -->\n<title>Rallye 2cv - CDV Rallyes : team-building et animations connect\u00e9es<\/title>\n<meta name=\"robots\" content=\"index, follow, max-snippet:-1, max-image-preview:large, max-video-preview:-1\" \/>\n<link rel=\"canonical\" href=\"https:\/\/cdvrallyes.fr\/index.php\/2022\/12\/21\/rallye-2cv\/\" \/>\n<meta property=\"og:locale\" content=\"fr_FR\" \/>\n<meta property=\"og:type\" content=\"article\" \/>\n<meta property=\"og:title\" content=\"Rallye 2cv - CDV Rallyes : team-building et animations connect\u00e9es\" \/>\n<meta property=\"og:url\" content=\"https:\/\/cdvrallyes.fr\/index.php\/2022\/12\/21\/rallye-2cv\/\" \/>\n<meta property=\"og:site_name\" content=\"CDV Rallyes : team-building et animations connect\u00e9es\" \/>\n<meta property=\"article:publisher\" content=\"https:\/\/www.facebook.com\/rallyesCDV\" \/>\n<meta property=\"article:published_time\" content=\"2022-12-21T15:15:55+00:00\" \/>\n<meta property=\"article:modified_time\" content=\"2023-01-12T14:52:55+00:00\" \/>\n<meta property=\"og:image\" content=\"https:\/\/cdvrallyes.fr\/wp-content\/uploads\/2020\/09\/newsletter_CDV_FB_c8.jpg\" \/>\n\t<meta property=\"og:image:width\" content=\"1128\" \/>\n\t<meta property=\"og:image:height\" content=\"429\" \/>\n\t<meta property=\"og:image:type\" content=\"image\/jpeg\" \/>\n<meta name=\"author\" content=\"Philippe Garcia\" \/>\n<meta name=\"twitter:card\" content=\"summary_large_image\" \/>\n<meta name=\"twitter:label1\" content=\"\u00c9crit par\" \/>\n\t<meta name=\"twitter:data1\" content=\"Philippe Garcia\" \/>\n<script type=\"application\/ld+json\" class=\"yoast-schema-graph\">{\"@context\":\"https:\/\/schema.org\",\"@graph\":[{\"@type\":\"Article\",\"@id\":\"https:\/\/cdvrallyes.fr\/index.php\/2022\/12\/21\/rallye-2cv\/#article\",\"isPartOf\":{\"@id\":\"https:\/\/cdvrallyes.fr\/index.php\/2022\/12\/21\/rallye-2cv\/\"},\"author\":{\"name\":\"Philippe Garcia\",\"@id\":\"https:\/\/cdvrallyes.fr\/#\/schema\/person\/e6316e4ed6ee90e59bffb72ed35c580a\"},\"headline\":\"Rallye 2cv\",\"datePublished\":\"2022-12-21T15:15:55+00:00\",\"dateModified\":\"2023-01-12T14:52:55+00:00\",\"mainEntityOfPage\":{\"@id\":\"https:\/\/cdvrallyes.fr\/index.php\/2022\/12\/21\/rallye-2cv\/\"},\"wordCount\":586,\"publisher\":{\"@id\":\"https:\/\/cdvrallyes.fr\/#organization\"},\"inLanguage\":\"fr-FR\"},{\"@type\":\"WebPage\",\"@id\":\"https:\/\/cdvrallyes.fr\/index.php\/2022\/12\/21\/rallye-2cv\/\",\"url\":\"https:\/\/cdvrallyes.fr\/index.php\/2022\/12\/21\/rallye-2cv\/\",\"name\":\"Rallye 2cv - CDV Rallyes : team-building et animations connect\u00e9es\",\"isPartOf\":{\"@id\":\"https:\/\/cdvrallyes.fr\/#website\"},\"datePublished\":\"2022-12-21T15:15:55+00:00\",\"dateModified\":\"2023-01-12T14:52:55+00:00\",\"breadcrumb\":{\"@id\":\"https:\/\/cdvrallyes.fr\/index.php\/2022\/12\/21\/rallye-2cv\/#breadcrumb\"},\"inLanguage\":\"fr-FR\",\"potentialAction\":[{\"@type\":\"ReadAction\",\"target\":[\"https:\/\/cdvrallyes.fr\/index.php\/2022\/12\/21\/rallye-2cv\/\"]}]},{\"@type\":\"BreadcrumbList\",\"@id\":\"https:\/\/cdvrallyes.fr\/index.php\/2022\/12\/21\/rallye-2cv\/#breadcrumb\",\"itemListElement\":[{\"@type\":\"ListItem\",\"position\":1,\"name\":\"Accueil\",\"item\":\"https:\/\/cdvrallyes.fr\/\"},{\"@type\":\"ListItem\",\"position\":2,\"name\":\"Rallye 2cv\"}]},{\"@type\":\"WebSite\",\"@id\":\"https:\/\/cdvrallyes.fr\/#website\",\"url\":\"https:\/\/cdvrallyes.fr\/\",\"name\":\"CDV Rallyes : team-building et animations connect\u00e9es\",\"description\":\"Le jeu au service du nous\",\"publisher\":{\"@id\":\"https:\/\/cdvrallyes.fr\/#organization\"},\"potentialAction\":[{\"@type\":\"SearchAction\",\"target\":{\"@type\":\"EntryPoint\",\"urlTemplate\":\"https:\/\/cdvrallyes.fr\/?s={search_term_string}\"},\"query-input\":\"required name=search_term_string\"}],\"inLanguage\":\"fr-FR\"},{\"@type\":\"Organization\",\"@id\":\"https:\/\/cdvrallyes.fr\/#organization\",\"name\":\"CDV Rallyes : team-building et animations connect\u00e9es\",\"url\":\"https:\/\/cdvrallyes.fr\/\",\"logo\":{\"@type\":\"ImageObject\",\"inLanguage\":\"fr-FR\",\"@id\":\"https:\/\/cdvrallyes.fr\/#\/schema\/logo\/image\/\",\"url\":\"https:\/\/cdvrallyes.fr\/wp-content\/uploads\/2020\/09\/cropped-icone-CDV-site-Internet.jpg\",\"contentUrl\":\"https:\/\/cdvrallyes.fr\/wp-content\/uploads\/2020\/09\/cropped-icone-CDV-site-Internet.jpg\",\"width\":512,\"height\":512,\"caption\":\"CDV Rallyes : team-building et animations connect\u00e9es\"},\"image\":{\"@id\":\"https:\/\/cdvrallyes.fr\/#\/schema\/logo\/image\/\"},\"sameAs\":[\"https:\/\/www.facebook.com\/rallyesCDV\",\"https:\/\/www.linkedin.com\/company\/11724746\/admin\/feed\/posts\/\"]},{\"@type\":\"Person\",\"@id\":\"https:\/\/cdvrallyes.fr\/#\/schema\/person\/e6316e4ed6ee90e59bffb72ed35c580a\",\"name\":\"Philippe Garcia\",\"image\":{\"@type\":\"ImageObject\",\"inLanguage\":\"fr-FR\",\"@id\":\"https:\/\/cdvrallyes.fr\/#\/schema\/person\/image\/\",\"url\":\"https:\/\/secure.gravatar.com\/avatar\/c18585764155698b47ab158797bfc0e3?s=96&d=mm&r=g\",\"contentUrl\":\"https:\/\/secure.gravatar.com\/avatar\/c18585764155698b47ab158797bfc0e3?s=96&d=mm&r=g\",\"caption\":\"Philippe Garcia\"},\"url\":\"https:\/\/cdvrallyes.fr\/index.php\/author\/phil\/\"}]}<\/script>\n<!-- \/ Yoast SEO plugin. -->","yoast_head_json":{"title":"Rallye 2cv - CDV Rallyes : team-building et animations connect\u00e9es","robots":{"index":"index","follow":"follow","max-snippet":"max-snippet:-1","max-image-preview":"max-image-preview:large","max-video-preview":"max-video-preview:-1"},"canonical":"https:\/\/cdvrallyes.fr\/index.php\/2022\/12\/21\/rallye-2cv\/","og_locale":"fr_FR","og_type":"article","og_title":"Rallye 2cv - CDV Rallyes : team-building et animations connect\u00e9es","og_url":"https:\/\/cdvrallyes.fr\/index.php\/2022\/12\/21\/rallye-2cv\/","og_site_name":"CDV Rallyes : team-building et animations connect\u00e9es","article_publisher":"https:\/\/www.facebook.com\/rallyesCDV","article_published_time":"2022-12-21T15:15:55+00:00","article_modified_time":"2023-01-12T14:52:55+00:00","og_image":[{"width":1128,"height":429,"url":"https:\/\/cdvrallyes.fr\/wp-content\/uploads\/2020\/09\/newsletter_CDV_FB_c8.jpg","type":"image\/jpeg"}],"author":"Philippe Garcia","twitter_card":"summary_large_image","twitter_misc":{"\u00c9crit par":"Philippe Garcia"},"schema":{"@context":"https:\/\/schema.org","@graph":[{"@type":"Article","@id":"https:\/\/cdvrallyes.fr\/index.php\/2022\/12\/21\/rallye-2cv\/#article","isPartOf":{"@id":"https:\/\/cdvrallyes.fr\/index.php\/2022\/12\/21\/rallye-2cv\/"},"author":{"name":"Philippe Garcia","@id":"https:\/\/cdvrallyes.fr\/#\/schema\/person\/e6316e4ed6ee90e59bffb72ed35c580a"},"headline":"Rallye 2cv","datePublished":"2022-12-21T15:15:55+00:00","dateModified":"2023-01-12T14:52:55+00:00","mainEntityOfPage":{"@id":"https:\/\/cdvrallyes.fr\/index.php\/2022\/12\/21\/rallye-2cv\/"},"wordCount":586,"publisher":{"@id":"https:\/\/cdvrallyes.fr\/#organization"},"inLanguage":"fr-FR"},{"@type":"WebPage","@id":"https:\/\/cdvrallyes.fr\/index.php\/2022\/12\/21\/rallye-2cv\/","url":"https:\/\/cdvrallyes.fr\/index.php\/2022\/12\/21\/rallye-2cv\/","name":"Rallye 2cv - CDV Rallyes : team-building et animations connect\u00e9es","isPartOf":{"@id":"https:\/\/cdvrallyes.fr\/#website"},"datePublished":"2022-12-21T15:15:55+00:00","dateModified":"2023-01-12T14:52:55+00:00","breadcrumb":{"@id":"https:\/\/cdvrallyes.fr\/index.php\/2022\/12\/21\/rallye-2cv\/#breadcrumb"},"inLanguage":"fr-FR","potentialAction":[{"@type":"ReadAction","target":["https:\/\/cdvrallyes.fr\/index.php\/2022\/12\/21\/rallye-2cv\/"]}]},{"@type":"BreadcrumbList","@id":"https:\/\/cdvrallyes.fr\/index.php\/2022\/12\/21\/rallye-2cv\/#breadcrumb","itemListElement":[{"@type":"ListItem","position":1,"name":"Accueil","item":"https:\/\/cdvrallyes.fr\/"},{"@type":"ListItem","position":2,"name":"Rallye 2cv"}]},{"@type":"WebSite","@id":"https:\/\/cdvrallyes.fr\/#website","url":"https:\/\/cdvrallyes.fr\/","name":"CDV Rallyes : team-building et animations connect\u00e9es","description":"Le jeu au service du nous","publisher":{"@id":"https:\/\/cdvrallyes.fr\/#organization"},"potentialAction":[{"@type":"SearchAction","target":{"@type":"EntryPoint","urlTemplate":"https:\/\/cdvrallyes.fr\/?s={search_term_string}"},"query-input":"required name=search_term_string"}],"inLanguage":"fr-FR"},{"@type":"Organization","@id":"https:\/\/cdvrallyes.fr\/#organization","name":"CDV Rallyes : team-building et animations connect\u00e9es","url":"https:\/\/cdvrallyes.fr\/","logo":{"@type":"ImageObject","inLanguage":"fr-FR","@id":"https:\/\/cdvrallyes.fr\/#\/schema\/logo\/image\/","url":"https:\/\/cdvrallyes.fr\/wp-content\/uploads\/2020\/09\/cropped-icone-CDV-site-Internet.jpg","contentUrl":"https:\/\/cdvrallyes.fr\/wp-content\/uploads\/2020\/09\/cropped-icone-CDV-site-Internet.jpg","width":512,"height":512,"caption":"CDV Rallyes : team-building et animations connect\u00e9es"},"image":{"@id":"https:\/\/cdvrallyes.fr\/#\/schema\/logo\/image\/"},"sameAs":["https:\/\/www.facebook.com\/rallyesCDV","https:\/\/www.linkedin.com\/company\/11724746\/admin\/feed\/posts\/"]},{"@type":"Person","@id":"https:\/\/cdvrallyes.fr\/#\/schema\/person\/e6316e4ed6ee90e59bffb72ed35c580a","name":"Philippe Garcia","image":{"@type":"ImageObject","inLanguage":"fr-FR","@id":"https:\/\/cdvrallyes.fr\/#\/schema\/person\/image\/","url":"https:\/\/secure.gravatar.com\/avatar\/c18585764155698b47ab158797bfc0e3?s=96&d=mm&r=g","contentUrl":"https:\/\/secure.gravatar.com\/avatar\/c18585764155698b47ab158797bfc0e3?s=96&d=mm&r=g","caption":"Philippe Garcia"},"url":"https:\/\/cdvrallyes.fr\/index.php\/author\/phil\/"}]}},"_links":{"self":[{"href":"https:\/\/cdvrallyes.fr\/index.php\/wp-json\/wp\/v2\/posts\/2428"}],"collection":[{"href":"https:\/\/cdvrallyes.fr\/index.php\/wp-json\/wp\/v2\/posts"}],"about":[{"href":"https:\/\/cdvrallyes.fr\/index.php\/wp-json\/wp\/v2\/types\/post"}],"author":[{"embeddable":true,"href":"https:\/\/cdvrallyes.fr\/index.php\/wp-json\/wp\/v2\/users\/2"}],"replies":[{"embeddable":true,"href":"https:\/\/cdvrallyes.fr\/index.php\/wp-json\/wp\/v2\/comments?post=2428"}],"version-history":[{"count":2,"href":"https:\/\/cdvrallyes.fr\/index.php\/wp-json\/wp\/v2\/posts\/2428\/revisions"}],"predecessor-version":[{"id":2516,"href":"https:\/\/cdvrallyes.fr\/index.php\/wp-json\/wp\/v2\/posts\/2428\/revisions\/2516"}],"wp:attachment":[{"href":"https:\/\/cdvrallyes.fr\/index.php\/wp-json\/wp\/v2\/media?parent=2428"}],"wp:term":[{"taxonomy":"category","embeddable":true,"href":"https:\/\/cdvrallyes.fr\/index.php\/wp-json\/wp\/v2\/categories?post=2428"},{"taxonomy":"post_tag","embeddable":true,"href":"https:\/\/cdvrallyes.fr\/index.php\/wp-json\/wp\/v2\/tags?post=2428"}],"curies":[{"name":"wp","href":"https:\/\/api.w.org\/{rel}","templated":true}]}}